{"id":7196,"date":"2026-03-06T15:29:19","date_gmt":"2026-03-06T14:29:19","guid":{"rendered":"https:\/\/www.societe-nautique-saint-tropez.fr\/?p=7196"},"modified":"2026-03-06T15:45:28","modified_gmt":"2026-03-06T14:45:28","slug":"ouverture-du-festival-arrmen-2026","status":"publish","type":"post","link":"https:\/\/www.societe-nautique-saint-tropez.fr\/fr\/ouverture-du-festival-arrmen-2026","title":{"rendered":"Ouverture du Festival ArMeN 2026\u00a0"},"content":{"rendered":"\n<p>La\u00a048\u00e8me \u00e9dition du festival ArMeN, \u00e9v\u00e9nement qui tire son nom des mots Art, Mer et Neige, et ouvre le bal des grands \u00e9v\u00e9nements de la Soci\u00e9t\u00e9 Nautique de Saint-Tropez, d\u00e9bute ce vendredi 6 mars avec le vernissage de l\u2019exposition \u00e0 17h30 au Lavoir Vasserot suivi du pot d\u2019accueil des concurrents au Club \u00e0 19h.\u00a0<\/p>\n\n\n\n<p><\/p>\n\n\n\n<p>Cette \u00e9preuve cr\u00e9\u00e9e en 1978&nbsp;par Ren\u00e9 Perrier, allie la Voile, le ski et l\u2019art, proposant une \u00e9preuve d\u2019art, une \u00e9preuve de ski et deux week-end de courses<\/p>\n\n\n\n<p>Cette ann\u00e9e, comme pr\u00e9vu, il y a quelques changements&nbsp;&#8211; les voiliers ne se rendront pas \u00e0 Cavalaire car le Port est en travaux&nbsp;<\/p>\n\n\n\n<p>Le comit\u00e9 de course pr\u00e9sid\u00e9 par Alice Coquant a donc concoct\u00e9 un parcours c\u00f4tier plus long pour ce premier week-end&nbsp;de r\u00e9gate<\/p>\n\n\n\n<p>Pour les amateurs d\u2019art, la magnifique exposition d\u2019art organis\u00e9e par C\u00e9cile de Kock a lieu cette ann\u00e9e au Lavoir Vasserot ( la Salle Jean Despas \u00e9tant &nbsp;occup\u00e9e avec les \u00e9lections municipales)&nbsp;<\/p>\n\n\n\n<p>Cinq artistes peintres et sculpteurs exposent au Lavoir Vasserot, ouvert \u00e0 tous et gratuite de 10h \u00e0 19h jusqu\u2019au 17 mars inclus.&nbsp;<\/p>\n\n\n\n<p>Chaque \u00e9quipe (un \u00e9quipier par bateau) a pour premi\u00e8re mission de r\u00e9aliser une \u0153uvre d\u2019art en fonction du th\u00e8me de l\u2019ann\u00e9e :&nbsp;\u00ab Les gardiens de la mer \u00bb&nbsp;(Cr\u00e9atures r\u00e9elles ou imaginaires, h\u00e9ros marins)<\/p>\n\n\n\n<p>&nbsp;L\u2019ensemble des cr\u00e9ations r\u00e9alis\u00e9es sont expos\u00e9es au Club et les \u0153uvres seront not\u00e9es par le jury du Festival ARMEN&nbsp;&nbsp;<\/p>\n\n\n\n<p>L\u2019\u00e9preuve de ski se d\u00e9roulera toujours \u00e0 Auron le 13 mars en esp\u00e9rant que le soleil r\u00e9ponde pr\u00e9sent car la neige est d\u00e9j\u00e0 au rdv&nbsp;<\/p>\n\n\n\n<p>Pr\u00e8s de 40 \u00e9quipages se disputent diff\u00e9rents prix dont Le Challenge \u00ab Andr\u00e9 Hermann \u00bb, meilleur classement combin\u00e9 ski-voile, le Challenge \u00ab Ren\u00e9 Perrier \u00bb, meilleur classement combin\u00e9 Art-Voile et bien s\u00fbr, le Troph\u00e9e Armen : meilleur classement combin\u00e9 Art-Ski-Voile.<\/p>\n\n\n\n<p>Sans oublier le classement de chaque discipline dont celui de la Voile comptabilis\u00e9 pour le championnat IRC de M\u00e9diterran\u00e9e par le p\u00f4le course du Yacht Club de France.&nbsp;<\/p>\n\n\n\n<p>Programme pr\u00e9sentation du Festival :&nbsp;<a href=\"https:\/\/www.societe-nautique-saint-tropez.fr\/wp-content\/uploads\/2026\/03\/PROGRAMME-Livret-ARMEN2026.pdf\">https:\/\/www.societe-nautique-saint-tropez.fr\/wp-content\/uploads\/2026\/03\/PROGRAMME-Livret-ARMEN2026.pdf<\/a><\/p>\n\n\n\n<p>Informations course et liste des engag\u00e9s :&nbsp;<a href=\"https:\/\/www.racingrulesofsailing.org\/documents\/13409\/event\">https:\/\/www.racingrulesofsailing.org\/documents\/13409\/event<\/a><\/p>\n\n\n\n<p><strong>PROGRAMME :<\/strong><\/p>\n\n\n\n<p><strong>VENDREDI 6 MARS<\/strong><\/p>\n\n\n\n<p>9h00 \u00e0 18h00&nbsp;: Confirmation des inscriptions au Club House SNST&nbsp;<\/p>\n\n\n\n<p>R\u00e9ception des \u0153uvres des concurrents au Club House SNST&nbsp;<\/p>\n\n\n\n<p><strong>17h30<\/strong>&nbsp;: Rendez-vous au Lavoir Vasserot pour&nbsp;<strong>l\u2019ouverture de l\u2019exposition du Festival ARMEN<\/strong>&nbsp;avec le verre de l\u2019amiti\u00e9 des artistes&nbsp;<strong>(R\u00e9serv\u00e9 aux participants et invit\u00e9s)<\/strong><\/p>\n\n\n\n<p><strong>19h&nbsp;:<\/strong>&nbsp;Pot d\u2019accueil des concurrents au Club House de la Soci\u00e9t\u00e9 Nautique de Saint-Tropez<\/p>\n\n\n\n<p><strong>SAMEDI 7 MARS<\/strong><\/p>\n\n\n\n<p><strong>11h00<\/strong>&nbsp;:&nbsp;R\u00e9gate c\u00f4ti\u00e8re au d\u00e9part de Saint-Tropez<\/p>\n\n\n\n<p><strong>19h00&nbsp;:<\/strong>&nbsp;diffusion des classements au Club House SNST&nbsp;<strong>(R\u00e9serv\u00e9 aux participants)<\/strong><\/p>\n\n\n\n<p><strong>19h00&nbsp;<\/strong>&nbsp;&nbsp;&nbsp;&nbsp;&nbsp;&nbsp;&nbsp;&nbsp;&nbsp;&nbsp;&nbsp;&nbsp;&nbsp;&nbsp;&nbsp;&nbsp;&nbsp;&nbsp;&nbsp;&nbsp;&nbsp;&nbsp;&nbsp;&nbsp;<\/p>\n\n\n\n<p><strong>DIMANCHE 8 MARS<\/strong><\/p>\n\n\n\n<p><strong>11h00&nbsp;:&nbsp;<\/strong>R\u00e9gate c\u00f4ti\u00e8re au d\u00e9part de Saint-Tropez<\/p>\n\n\n\n<p>Mise \u00e0 disposition du Comit\u00e9 de Course dans la zone de d\u00e9part de Saint-Tropez&nbsp;<\/p>\n\n\n\n<p><strong>19h00&nbsp;:<\/strong>&nbsp;diffusion des classements au Club House SNST&nbsp;<strong>(R\u00e9serv\u00e9 aux participants)<\/strong><\/p>\n\n\n\n<p><strong>VENDREDI 13 MARS<\/strong><\/p>\n\n\n\n<p><strong>Journ\u00e9e de ski \u00e0 Auron&nbsp;(R\u00e9serv\u00e9 aux participants)<\/strong><\/p>\n\n\n\n<p><strong>14h00<\/strong>&nbsp;: \u00c9preuve sur le parcours mis en place par l\u2019\u00e9cole de ski d\u2019Auron&nbsp;<\/p>\n\n\n\n<p><strong>SAMEDI 14 MARS<\/strong><\/p>\n\n\n\n<p><strong>11h00&nbsp;:&nbsp;<\/strong>R\u00e9gate dans le Golfe de Saint-Tropez<\/p>\n\n\n\n<p><strong>19h00&nbsp;:<\/strong>&nbsp;diffusion des classements au Club House SNST&nbsp;<strong>(R\u00e9serv\u00e9 aux participants et invit\u00e9s)<\/strong><\/p>\n\n\n\n<p><strong>DIMANCHE 15 MARS<\/strong><\/p>\n\n\n\n<p><strong>11h00&nbsp;<\/strong>: R\u00e9gate dans le Golfe de Saint-Tropez<\/p>\n\n\n\n<p><strong>17h00&nbsp;<\/strong>: Remise des prix&nbsp;<strong>(R\u00e9serv\u00e9 aux participants et invit\u00e9s)<\/strong><\/p>\n\n\n\n<figure class=\"wp-block-gallery has-nested-images columns-default is-cropped wp-block-gallery-1 is-layout-flex wp-block-gallery-is-layout-flex\">\n<figure class=\"wp-block-image size-large\"><img loading=\"lazy\" decoding=\"async\" width=\"1024\" height=\"856\" data-id=\"7197\" data-tippy-content=\"montage Armen2026\" src=\"https:\/\/www.societe-nautique-saint-tropez.fr\/wp-content\/uploads\/2026\/03\/montage-Armen2026-1024x856.jpg\" alt=\"\" class=\"wp-image-7197\" srcset=\"https:\/\/www.societe-nautique-saint-tropez.fr\/wp-content\/uploads\/2026\/03\/montage-Armen2026-1024x856.jpg 1024w, https:\/\/www.societe-nautique-saint-tropez.fr\/wp-content\/uploads\/2026\/03\/montage-Armen2026-300x251.jpg 300w, https:\/\/www.societe-nautique-saint-tropez.fr\/wp-content\/uploads\/2026\/03\/montage-Armen2026-768x642.jpg 768w, https:\/\/www.societe-nautique-saint-tropez.fr\/wp-content\/uploads\/2026\/03\/montage-Armen2026-1536x1284.jpg 1536w, https:\/\/www.societe-nautique-saint-tropez.fr\/wp-content\/uploads\/2026\/03\/montage-Armen2026-150x125.jpg 150w, https:\/\/www.societe-nautique-saint-tropez.fr\/wp-content\/uploads\/2026\/03\/montage-Armen2026.jpg 1947w\" sizes=\"auto, (max-width: 1024px) 100vw, 1024px\" \/><\/figure>\n<\/figure>\n","protected":false},"excerpt":{"rendered":"<p>La\u00a048\u00e8me \u00e9dition du festival ArMeN, \u00e9v\u00e9nement qui tire son nom des mots Art, Mer et Neige, et ouvre le bal des grands \u00e9v\u00e9nements de la Soci\u00e9t\u00e9 Nautique de Saint-Tropez, d\u00e9bute ce vendredi 6 mars avec le vernissage de l\u2019exposition \u00e0 17h30 au Lavoir Vasserot suivi du pot d\u2019accueil des concurrents au Club \u00e0 19h.\u00a0 Cette&#8230;<\/p>\n","protected":false},"author":2,"featured_media":7205,"comment_status":"open","ping_status":"open","sticky":false,"template":"","format":"standard","meta":{"_acf_changed":false,"footnotes":""},"categories":[1],"tags":[],"class_list":["post-7196","post","type-post","status-publish","format-standard","has-post-thumbnail","hentry","category-non-classifiee"],"acf":{"subtitle":"","autoplay":false,"delay":"","video_mp4":false,"video_webm":false,"poster_image":false,"nugget":false,"partner":false},"_links":{"self":[{"href":"https:\/\/www.societe-nautique-saint-tropez.fr\/fr\/wp-json\/wp\/v2\/posts\/7196","targetHints":{"allow":["GET"]}}],"collection":[{"href":"https:\/\/www.societe-nautique-saint-tropez.fr\/fr\/wp-json\/wp\/v2\/posts"}],"about":[{"href":"https:\/\/www.societe-nautique-saint-tropez.fr\/fr\/wp-json\/wp\/v2\/types\/post"}],"author":[{"embeddable":true,"href":"https:\/\/www.societe-nautique-saint-tropez.fr\/fr\/wp-json\/wp\/v2\/users\/2"}],"replies":[{"embeddable":true,"href":"https:\/\/www.societe-nautique-saint-tropez.fr\/fr\/wp-json\/wp\/v2\/comments?post=7196"}],"version-history":[{"count":4,"href":"https:\/\/www.societe-nautique-saint-tropez.fr\/fr\/wp-json\/wp\/v2\/posts\/7196\/revisions"}],"predecessor-version":[{"id":7210,"href":"https:\/\/www.societe-nautique-saint-tropez.fr\/fr\/wp-json\/wp\/v2\/posts\/7196\/revisions\/7210"}],"wp:featuredmedia":[{"embeddable":true,"href":"https:\/\/www.societe-nautique-saint-tropez.fr\/fr\/wp-json\/wp\/v2\/media\/7205"}],"wp:attachment":[{"href":"https:\/\/www.societe-nautique-saint-tropez.fr\/fr\/wp-json\/wp\/v2\/media?parent=7196"}],"wp:term":[{"taxonomy":"category","embeddable":true,"href":"https:\/\/www.societe-nautique-saint-tropez.fr\/fr\/wp-json\/wp\/v2\/categories?post=7196"},{"taxonomy":"post_tag","embeddable":true,"href":"https:\/\/www.societe-nautique-saint-tropez.fr\/fr\/wp-json\/wp\/v2\/tags?post=7196"}],"curies":[{"name":"wp","href":"https:\/\/api.w.org\/{rel}","templated":true}]}}