{"id":475,"date":"2022-11-12T15:37:23","date_gmt":"2022-11-12T14:37:23","guid":{"rendered":"https:\/\/www.societe-nautique-saint-tropez.fr\/?p=475"},"modified":"2022-11-24T15:24:08","modified_gmt":"2022-11-24T14:24:08","slug":"les-voiles-dautomne-setalent-a-saint-tropez","status":"publish","type":"post","link":"https:\/\/www.societe-nautique-saint-tropez.fr\/fr\/les-voiles-dautomne-setalent-a-saint-tropez","title":{"rendered":"Les Voiles d\u2019Automne s\u2019\u00e9talent \u00e0 Saint-Tropez !"},"content":{"rendered":"\n<p><strong>Les Voiles d\u2019automne accueillent les First 31,7 \u00e0 Saint-Tropez !<br><\/strong>Cr\u00e9\u00e9e en 1997 et ouverte aux voiliers disposant d\u2019un certificat de jauge Osiris ou IRC, l\u2019\u00e9preuve des voiles d\u2019automne \u00e0 Saint-Tropez aura lieu du 11 au 13 novembre 2022.<\/p>\n\n\n\n<p>Cette derni\u00e8re r\u00e9gate de l\u2019ann\u00e9e \u00e0 Saint-Tropez attire les concurrents de la r\u00e9gion et m\u00eame au-del\u00e0 avec en lice parfois plus de soixante voiliers&nbsp;!<\/p>\n\n\n\n<p>Cette ann\u00e9e, l\u2019\u00e9v\u00e9nement accueille le championnat de M\u00e9diterran\u00e9e des First 31,7 en \u00e9quipage et pour la premi\u00e8re fois en solo&nbsp;! une flotte cons\u00e9quente qui s\u2019ajoutera aux habitu\u00e9s.<\/p>\n\n\n\n<p><em>\u00ab&nbsp;Lors des Voiles de Saint-Tropez 2022 sur le First 31.7 \u00c9den de J\u00e9r\u00f4me Vandewalle, nous est venue l\u2019id\u00e9e de regrouper les 31.7 de M\u00e9diterran\u00e9e lors de la r\u00e9gate \u00ab Les Voiles d\u2019Automne \u00bb. La Soci\u00e9t\u00e9 Nautique de Saint-Tropez, par l\u2019interm\u00e9diaire de Pierre Roinson, Georges Korhel et Fr\u00e9d\u00e9rique Fantino, a de suite valid\u00e9 avec enthousiasme le projet d\u2019inclure une r\u00e9gate monotype 31.7 au sein de leur r\u00e9gate \u00ab Les Voiles d\u2019Automne \u00bb : l\u2019histoire a commenc\u00e9.&nbsp;<\/em>Affirment Dominique Lexa, Pr\u00e9sident 31,7 Attitude et J\u00e9r\u00f4me Vandewalle<em>,&nbsp;<\/em>Vice-pr\u00e9sident 31.7 Attitude.<\/p>\n\n\n\n<p>Au 20 octobre 2022, quarante-cinq voiliers sont d\u2019ores et d\u00e9j\u00e0 inscrits \u00e0 l\u2019\u00e9preuve<\/p>\n\n\n\n<p>Le lieu, la convivialit\u00e9 \u00e0 terre et l\u2019organisation en mer en font un \u00e9v\u00e9nement incontournable \u00e0 cette saison. Cette ann\u00e9e, le comit\u00e9 de course dirig\u00e9 par Georges Korhel pourrait si les conditions le permettent faire une arriv\u00e9e de nuit le vendredi 11 novembre afin de prolonger les courses et pimenter cette \u00e9preuve d\u00e9j\u00e0 bien sportive&nbsp;! Les r\u00e9gates seront lanc\u00e9es d\u00e8s 11h vendredi 11 et samedi 12 et dimanche 13 novembre avant la remise des prix dimanche \u00e0 17h. C\u00f4t\u00e9 festivit\u00e9s, la SNST re\u00e7oit environ 300 \u00e9quipiers qui apr\u00e8s les r\u00e9gates se retrouveront notamment lors de la traditionnelle soir\u00e9e des \u00e9quipages. Encore une belle comp\u00e9tition \u00e0 suivre&nbsp;dans le Golfe de Saint-Tropez !<\/p>\n\n\n\n<p><strong>Le championnat de M\u00e9diterran\u00e9e des First 31,7 entre en lice&nbsp;! &nbsp;<\/strong><\/p>\n\n\n\n<p>Lors des Voiles, l\u2019association 31,7 lattitude a eu l\u2019id\u00e9e de participer \u00e0 l\u2019\u00e9preuve des Voiles d\u2019Automne. Le Pr\u00e9sident, Dominique Lexa et le Vice-Pr\u00e9sident, J\u00e9r\u00f4me Vandewalle ont tout de suite eu un retour favorable de la Soci\u00e9t\u00e9 Nautique de Saint-Tropez et un engouement de la part des propri\u00e9taires&nbsp;: \u00ab&nbsp;Nous avons \u00e9t\u00e9 agr\u00e9ablement surpris par le dynamisme des propri\u00e9taires de 31.7 : en effet, nous avons re\u00e7u plus de 20 demandes d\u2019adh\u00e9sion de propri\u00e9taires en une semaine.<\/p>\n\n\n\n<p>Nous sommes heureux de constater \u00e0 ce jour 13 inscriptions au Championnat de M\u00e9diterran\u00e9e 31.7 Monotype pour \u00ab Les Voiles d\u2019automne \u00bb de Saint-Tropez du 11 au 13 novembre prochain : un chiffre porte bonheur ? Nous devrions d\u00e9passer les 15 engagements.<\/p>\n\n\n\n<p>Notre association est tr\u00e8s fi\u00e8re de ce dynamisme retrouv\u00e9 pour participer \u00e0 ce bel \u00e9v\u00e9nement et de promouvoir la monotypie en France.<\/p>\n\n\n\n<p>Nous pr\u00e9parons la saison 2023 en envisageant des r\u00e9gates \u00e0 Marseille, Hy\u00e8res Porquerolles, Saint-Tropez et Antibes Mandelieu. Le programme sera d\u00e9voil\u00e9 le 12 novembre lors de notre assembl\u00e9e g\u00e9n\u00e9rale qui aura lieu au club de la Soci\u00e9t\u00e9 Nautique de Saint-Tropez.<\/p>\n\n\n\n<p>Notre priorit\u00e9 est de r\u00e9pondre aux attentes de nos adh\u00e9rents pour obtenir des frais de participation coh\u00e9rents sur l\u2019ensemble des r\u00e9gates et des places de port \u00e0 prix r\u00e9duit (1 semaine avant et 1 semaine apr\u00e8s) vu que la flotte des 31.7 s\u2019\u00e9tend de La Grand Motte \u00e0 Cannes.<\/p>\n\n\n\n<p>Nous serons \u00e9galement les garants du respect de la jauge 31.7 pour la p\u00e9rennit\u00e9 et l\u2019\u00e9volution de notre classe.<\/p>\n\n\n\n<p>La monotypie 31.7 conna\u00eet une renaissance sur le bassin M\u00e9diterran\u00e9en et nous remercions tous les propri\u00e9taires de 31.7 d\u2019avoir r\u00e9pondu pr\u00e9sent.<\/p>\n\n\n\n<p>Un nouveau bureau s\u2019est constitu\u00e9 au sein de l\u2019association 31.7 Attitude : &nbsp;Dominique Lexa, pr\u00e9sident : 31.7 (voilier Sagua\u00ef), J\u00e9r\u00f4me Vandewalle, vice-pr\u00e9sident : 31.7 (voilier \u00c9den), Tristan Gireud, tr\u00e9sorier : 31.7 (voilier Reset), Jean Luc Arrighi, secr\u00e9taire : 31.7 (voilier Tilapia), Guy Gorzerino, secr\u00e9taire adjoint : 31.7 (voilier Procyon).&nbsp;\u00bb<\/p>\n\n\n\n<p><strong>Trois jours de courses et une arriv\u00e9e de nuit envisag\u00e9e<\/strong><\/p>\n\n\n\n<p>L\u2019automne en M\u00e9diterran\u00e9e offre g\u00e9n\u00e9ralement des conditions plus muscl\u00e9es avec un vent plus marqu\u00e9. De quoi r\u00e9galer les participants avides de sensations et de vitesse. &nbsp;Avec la possibilit\u00e9 dans le calendrier d\u2019effectuer trois jours de r\u00e9gate cette ann\u00e9e, l\u2019id\u00e9e de Georges Korhel est de proposer une r\u00e9gate avec une arriv\u00e9e nocturne. \u00ab&nbsp;Si les conditions m\u00e9t\u00e9orologiques le permettent, nous lancerons une troisi\u00e8me course plus longue le vendredi 11 novembre apr\u00e8s 17h avec une arriv\u00e9e de nuit. Mais tout cela d\u00e9pendra, bien s\u00fbr, de la m\u00e9t\u00e9o, des concurrents\u2026&nbsp;\u00bb. Pour l\u2019heure, \u00e0 20 jours de l\u2019\u00e9preuve, pr\u00e8s de cinquante voiliers sont d\u00e9j\u00e0 inscrits. Avec un beau plateau de voiliers dont des habitu\u00e9s de podium, la comp\u00e9tition s\u2019annonce muscl\u00e9e !<\/p>\n\n\n\n<p><strong>Programme pr\u00e9visionnel&nbsp;:<\/strong><\/p>\n\n\n\n<p><strong>Jeudi 10 novembre&nbsp;:<\/strong><\/p>\n\n\n\n<p>9h \u00e0 18h&nbsp;: Confirmation des inscriptions \u00e0 la SNST<\/p>\n\n\n\n<p><strong>Vendredi 11 novembre&nbsp;:<\/strong><\/p>\n\n\n\n<p>10h45 Briefing VHF sur l\u2019eau<\/p>\n\n\n\n<p>11h Mise \u00e0 disposition pour 3 courses possibles 17h Fermeture de ligne<\/p>\n\n\n\n<p>23h Fermeture de ligne si grande course<\/p>\n\n\n\n<p><strong>Samedi 12 novembre<\/strong><\/p>\n\n\n\n<p>10h45 Briefing VHF sur l\u2019eau<\/p>\n\n\n\n<p>11h Mise \u00e0 disposition pour 3 courses possibles Fermeture 17h de ligne<\/p>\n\n\n\n<p>17h Fermeture de ligne<\/p>\n\n\n\n<p>Soir\u00e9e des \u00e9quipages<\/p>\n\n\n\n<p><strong>Dimanche 13 novembre<\/strong><\/p>\n\n\n\n<p>11h Mise \u00e0 disposition pour 2 courses possibles<\/p>\n\n\n\n<p>16h Fermeture de ligne<\/p>\n\n\n\n<p>17h Remise des prix \u00e0 la SNST<\/p>\n","protected":false},"excerpt":{"rendered":"<p>Les Voiles d\u2019automne accueillent les First 31,7 \u00e0 Saint-Tropez !Cr\u00e9\u00e9e en 1997 et ouverte aux voiliers disposant d\u2019un certificat de jauge Osiris ou IRC, l\u2019\u00e9preuve des voiles d\u2019automne \u00e0 Saint-Tropez aura lieu du 11 au 13 novembre 2022. Cette derni\u00e8re r\u00e9gate de l\u2019ann\u00e9e \u00e0 Saint-Tropez attire les concurrents de la r\u00e9gion et m\u00eame au-del\u00e0 avec&#8230;<\/p>\n","protected":false},"author":2,"featured_media":476,"comment_status":"open","ping_status":"open","sticky":false,"template":"","format":"standard","meta":{"_acf_changed":false,"footnotes":""},"categories":[1],"tags":[],"class_list":["post-475","post","type-post","status-publish","format-standard","has-post-thumbnail","hentry","category-non-classifiee"],"acf":{"subtitle":"","autoplay":false,"delay":"","video_mp4":false,"video_webm":false,"poster_image":false,"nugget":false,"partner":false},"_links":{"self":[{"href":"https:\/\/www.societe-nautique-saint-tropez.fr\/fr\/wp-json\/wp\/v2\/posts\/475","targetHints":{"allow":["GET"]}}],"collection":[{"href":"https:\/\/www.societe-nautique-saint-tropez.fr\/fr\/wp-json\/wp\/v2\/posts"}],"about":[{"href":"https:\/\/www.societe-nautique-saint-tropez.fr\/fr\/wp-json\/wp\/v2\/types\/post"}],"author":[{"embeddable":true,"href":"https:\/\/www.societe-nautique-saint-tropez.fr\/fr\/wp-json\/wp\/v2\/users\/2"}],"replies":[{"embeddable":true,"href":"https:\/\/www.societe-nautique-saint-tropez.fr\/fr\/wp-json\/wp\/v2\/comments?post=475"}],"version-history":[{"count":1,"href":"https:\/\/www.societe-nautique-saint-tropez.fr\/fr\/wp-json\/wp\/v2\/posts\/475\/revisions"}],"predecessor-version":[{"id":478,"href":"https:\/\/www.societe-nautique-saint-tropez.fr\/fr\/wp-json\/wp\/v2\/posts\/475\/revisions\/478"}],"wp:featuredmedia":[{"embeddable":true,"href":"https:\/\/www.societe-nautique-saint-tropez.fr\/fr\/wp-json\/wp\/v2\/media\/476"}],"wp:attachment":[{"href":"https:\/\/www.societe-nautique-saint-tropez.fr\/fr\/wp-json\/wp\/v2\/media?parent=475"}],"wp:term":[{"taxonomy":"category","embeddable":true,"href":"https:\/\/www.societe-nautique-saint-tropez.fr\/fr\/wp-json\/wp\/v2\/categories?post=475"},{"taxonomy":"post_tag","embeddable":true,"href":"https:\/\/www.societe-nautique-saint-tropez.fr\/fr\/wp-json\/wp\/v2\/tags?post=475"}],"curies":[{"name":"wp","href":"https:\/\/api.w.org\/{rel}","templated":true}]}}