{"id":4370,"date":"2024-03-09T12:31:44","date_gmt":"2024-03-09T11:31:44","guid":{"rendered":"https:\/\/www.societe-nautique-saint-tropez.fr\/?p=4370"},"modified":"2024-03-09T12:31:44","modified_gmt":"2024-03-09T11:31:44","slug":"festival-armen-orage-oh-trajectoire-vers-cavalaire","status":"publish","type":"post","link":"https:\/\/www.societe-nautique-saint-tropez.fr\/fr\/festival-armen-orage-oh-trajectoire-vers-cavalaire","title":{"rendered":"Festival ARMEN : O&rsquo;rage Oh trajectoire vers Cavalaire"},"content":{"rendered":"\n<p><strong>Premi\u00e8re grande manifestation de l\u2019ann\u00e9e 2024 pour la Soci\u00e9t\u00e9 Nautique de Saint-Tropez, le 46<sup>\u00e8me<\/sup>\u00a0Festival ARMEN qui allie la voile, le ski et l\u2019art a pris son envol vendredi 8 mars avec l\u2019ouverture et le vernissage de l\u2019exposition d\u2019art organis\u00e9e par la sculptrice C\u00e9cile de Kock, en pr\u00e9sence de Michel Perrault, adjoint \u00e0 la culture de la Ville de Saint-Tropez et Pierre Roinson, Pr\u00e9sident de la Soci\u00e9t\u00e9 Nautique de Saint-Tropez.\u00a0<br>Une tr\u00e8s belle exposition de sculpture et de peintures \u00e0 la salle Jean Despas de Saint-Tropez \u00e0 d\u00e9couvrir jusqu\u2019au 17 mars o\u00f9 les \u0153uvres des marins, dans le cadre du concours d\u2019art, sont \u00e9galement visibles.<\/strong><\/p>\n\n\n\n<p><strong>C\u00f4t\u00e9 r\u00e9gates, pr\u00e8s de cinquante voiliers jaug\u00e9s OSIRIS ou IRC avec plus de 250 \u00e9quipiers sont inscrits aux \u00e9preuves.&nbsp;<\/strong><\/p>\n\n\n\n<p><strong>Ce samedi 9 mars, pour la premi\u00e8re course, les conditions sont tr\u00e8s sportives&nbsp;! Face \u00e0 la m\u00e9t\u00e9o capricieuse avec un vent d\u2019Est de 20 \u00e0 25 n\u0153uds, une forte houle, et des averses, une trentaine de voiliers ont tout de m\u00eame pris le d\u00e9part la course d\u2019environ 16 milles nautiques de Saint-Tropez \u00e0 Cavalaire.&nbsp;<\/strong><\/p>\n\n\n\n<p><strong>Les participants seront accueillis \u00e0 leur arriv\u00e9e \u00e0 Cavalaire ce soir en pr\u00e9sence notamment de son Maire, Philippe Leonelli. Un accueil des plus chaleureux leur sera r\u00e9serv\u00e9 par le Port et le Yacht Club de Cavalaire avec la pr\u00e9sence d\u2019un groupe de musique celtique.&nbsp;<\/strong><\/p>\n\n\n\n<p><strong>Dimanche 10 mars, les concurrents prendront le d\u00e9part de Cavalaire vers 11h pour revenir \u00e0 Saint-Tropez dans l\u2019apr\u00e8s-midi.<\/strong><\/p>\n\n\n\n<p><strong>Ce sera ensuite au tour de l\u2019\u00e9preuve de ski o\u00f9 deux \u00e9quipiers par bateau pourront se mesurer sur un slalom le vendredi 15 mars et pour la 1<sup>\u00e8re<\/sup>&nbsp;fois \u00e0 la station d\u2019Auron.&nbsp;&nbsp;<\/strong><\/p>\n\n\n\n<p><strong>Un second week-end de r\u00e9gate aura lieu les 16 et 17 mars sur un parcours dans le Golfe de Saint-Tropez.&nbsp;<\/strong><\/p>\n\n\n\n<p><strong>De la comp\u00e9tition, de l\u2019art et de bons moments festifs\u00a0\u00e0 suivre du 9 au 17 mars 2024\u00a0!\u00a0<\/strong><\/p>\n\n\n\n<p><strong>En course pour le championnat IRC de M\u00e9diterran\u00e9e<\/strong><\/p>\n\n\n\n<p>Pour les passionn\u00e9s de voile, il s\u2019agira \u00e9galement pour les voiliers jaug\u00e9s en IRC de la premi\u00e8re course du Championnat IRC 2024 M\u00e9diterran\u00e9e en \u00e9quipage du Pole Course du Yacht Club de France.<\/p>\n\n\n\n<p>Pour le Festival Armen, les meilleurs \u00e9quipages IRC de M\u00e9diterran\u00e9e seront pr\u00e9sents&nbsp;comme en IRC 1,&nbsp;<em>VITO3<\/em>&nbsp;de Gian Marco Magrini,&nbsp;<em>PRETEXTE<\/em>&nbsp;de Jeremie Lagarrigue. En IRC,&nbsp;<em>BERNINA X&nbsp;<\/em>de Marc Verdet,&nbsp;<em>CHAUD BOUILLANT<\/em>&nbsp;de Lionel Zerbonia,&nbsp;<em>ECBATANE<\/em>&nbsp;d\u2019Alain Monnier.<\/p>\n\n\n\n<p>Dans le groupe IRC3, nous retrouverons en lice les habitu\u00e9s tels que&nbsp;<em>MIDI VOILES<\/em>&nbsp;de Michel Delsemme, JARO 7 d\u2019Alberto Musso,&nbsp;<em>COULEUR SOLEIL<\/em>&nbsp;de Bernard Marin face \u00e0 BIM3 de J\u00e9r\u00e9my Combe,&nbsp;<em>CHIHUAHUA<\/em>&nbsp;d\u2019Olivier Bouquet et l\u2019\u00e9quipage f\u00e9minin sur&nbsp;<em>MOOGLI&nbsp;<\/em>de Caroline Petit. En IRC 4, seront en lice les voiliers ALTA\u00cfR de Jean-Marie Bisbal, APHEA IV de Patrice d\u2019Herbomez,&nbsp;<em>EXPRESSO<\/em>&nbsp;de Guy Claeys,&nbsp;<em>MACAYA<\/em>&nbsp;de Marc Pons,&nbsp;<em>TEAM CAPTAIN NASON S<\/em>&nbsp;de Christelle Renaud et&nbsp;<em>YAMS&nbsp;<\/em>d\u2019Adrien Watt.<\/p>\n\n\n\n<p><strong>De belles batailles en perspective en OSIRIS-HN<\/strong><\/p>\n\n\n\n<p>Du c\u00f4t\u00e9 des voiliers jaug\u00e9s HN OSIRIS, 30 \u00e9quipages ont r\u00e9pondu pr\u00e9sents.&nbsp;<br>Parmi eux, les vainqueurs des \u00e9ditions pr\u00e9c\u00e9dentes comme l\u2019\u00e9quipage trop\u00e9zien avec Jo\u00ebl Seckler et Alex Brion qui participeront avec le voilier&nbsp;<em>TIKITOO<\/em>, un First 36,7. Dans leur groupe flamme mauve (grand Osiris HN), ils seront confront\u00e9s aux autres laur\u00e9ats du Festival,&nbsp;<em>CACHOU<\/em>&nbsp;de Guy Curnillon, ainsi qu\u2019aux habitu\u00e9s des r\u00e9gates,<em>&nbsp;DIALIX&nbsp;<\/em>de Didier Esquerre<em>, KAIROS<\/em>&nbsp;d\u2019Albert Decombe<em>, MIKALA<\/em>&nbsp;de Serge Ehrhardt,<em>&nbsp;MU&nbsp;<\/em>de Jean-Marc Maschino,&nbsp;<em>SOLANO<\/em>&nbsp;de C\u00e9sar Chuffart,<em>&nbsp;XANTUS<\/em>&nbsp;de Bastien de Brouwer et de nouveaux venus dans cette \u00e9preuve&nbsp;;&nbsp;<em>ATMAN&nbsp;<\/em>de Paul Ramos<em>, BRONCO&nbsp;<\/em>de Pierre Molleville,&nbsp;<em>CURIEUSE<\/em>&nbsp;de Bruno Jouanard, PILI PILI d\u2019Alain Carrie.<\/p>\n\n\n\n<p>Du c\u00f4t\u00e9 des plus petites unit\u00e9s (pavillons jaune), les favoris du groupe sont en lice comme&nbsp;<em>L\u2019AUTRE FEMME<\/em>&nbsp;de Lionel Michon,&nbsp;<em>MAJOLAN<\/em>&nbsp;de Christian le Floch,&nbsp;<em>POUNENTAU II&nbsp;<\/em>de Christian Fauret,&nbsp;<em>JADE<\/em>&nbsp;de Jean-Claude Laborde. Ces \u00e9quipages comptent bien en d\u00e9coudre face \u00e0 leurs adversaires&nbsp;<em>CARABIN<\/em>&nbsp;de Claude Weisang,&nbsp;<em>COLIBRI<\/em>&nbsp;de Claude Martial,<em>FOUDRE<\/em>&nbsp;de S\u00e9bastien Vial,<em>&nbsp;EVASION<\/em>&nbsp;d\u2019Adrien Bascou,&nbsp;<em>LES PITCHNOUNES BY OVERDOSE&nbsp;<\/em>de Sylvain Bretagne,&nbsp;<em>LO GABIAN<\/em>&nbsp;de Christophe Ducoulombier<em>, ORION&nbsp;<\/em>de Jean-Paul Deville,<em>&nbsp;OXIBIEN<\/em>&nbsp;de Fabrice Vachez,&nbsp;<em>PALOMA&nbsp;<\/em>de Fr\u00e9d\u00e9ric Servera.<\/p>\n\n\n\n<p>Dans le groupe des Racers, cinq voiliers se mesureront, deux \u00ab&nbsp;Surprise Q&nbsp;\u00bb&nbsp;<em>BOOMERANG&nbsp;<\/em>de Lorenzo Cappello,<em>CATIJEE&nbsp;<\/em>de Philippe Peyraverney, l\u2019A40&nbsp;<em>4D<\/em>&nbsp;de Fr\u00e9d\u00e9ric Nicolas,&nbsp;<em>FABRALAC<\/em>&nbsp;de Fr\u00e9d\u00e9ric Peroche et&nbsp;<em>MIMI TEAM<\/em>&nbsp;de Xavier Ducasse.<\/p>\n\n\n\n<p><strong>Une exposition \u00e0 la hauteur de l\u2019\u00e9v\u00e9nement&nbsp;<\/strong><\/p>\n\n\n\n<p>Ouverte \u00e0 tous (entr\u00e9e gratuite), une magnifique exposition d\u2019art se tient \u00e0 la Salle Jean Despas du samedi 9 mars au dimanche 17 mars 2024. Pour cette 46<sup>\u00e8me<\/sup>&nbsp;\u00e9dition du Festival ARMEN, C\u00e9cile de Kock a s\u00e9lectionn\u00e9 plusieurs artistes de talent. On y retrouve donc C\u00e9cile de Kock mais&nbsp;&nbsp;\u00e9galement le sp\u00e9cialiste de l\u2019Art Design, Roland Delsemme, les sculpteurs&nbsp;; Jean-Yves Saliou et&nbsp;&nbsp;Carl Jaunay et les peintres&nbsp;; Laurence Mauviel, Odette Muller, Claire Boudonis, Olivier Messas<\/p>\n\n\n\n<p>Les jolies sculptures en marbre de C\u00e9cile de Kock&nbsp;seront bien entendu \u00e9galement expos\u00e9es. A noter que C\u00e9cile a re\u00e7u en plus des nombreux prix d\u00e9cern\u00e9s dont la m\u00e9daille d&rsquo;argent du Carrousel du Louvre, la m\u00e9daille d&rsquo;argent Art Science et lettre de Paris en 2021, etc.<\/p>\n\n\n\n<p><strong>Le Programme du Festival ARMEN 2024<\/strong><\/p>\n\n\n\n<p><strong>Vendredi 8 mars :&nbsp;<\/strong><\/p>\n\n\n\n<p>9h00 \u00e0 18h00 Confirmation des Inscriptions de club house SNST<\/p>\n\n\n\n<p>R\u00e9ception des \u0153uvres au Club House de la SNST<\/p>\n\n\n\n<p>19h00 Cocktail de bienvenue et ouverture de l\u2019exposition d\u2019art \u00e0 la salle Jean Despas<\/p>\n\n\n\n<p><strong>Samedi 9 mars :&nbsp;<\/strong><\/p>\n\n\n\n<p>11h00&nbsp;: r\u00e9gate &#8211; Parcours Saint-Tropez \u2013 Cavalaire<\/p>\n\n\n\n<p>19h00 Diffusion des classements et convivialit\u00e9 \u00e0 la maison de la mer \u00e0 Cavalaire<\/p>\n\n\n\n<p><strong>Dimanche 10 mars :&nbsp;<\/strong><\/p>\n\n\n\n<p>11h00&nbsp;: r\u00e9gate &#8211; Parcours Cavalaire\u2013Saint-Tropez<\/p>\n\n\n\n<p>Fin de r\u00e9ception des \u0153uvres au Club House de la SNST<\/p>\n\n\n\n<p><strong>Vendredi 15 mars :&nbsp;<\/strong><\/p>\n\n\n\n<p>\u00c9preuve de ski \u00e0 Auron&nbsp;<\/p>\n\n\n\n<p><strong>Samedi 16 mars&nbsp;:<\/strong><\/p>\n\n\n\n<p>11h00 Mise \u00e0 disposition au bateau comit\u00e9- 3 courses au maximum<\/p>\n\n\n\n<p>19h30 Soir\u00e9e des \u00e9quipages&nbsp;<\/p>\n\n\n\n<p><strong>Dimanche 17 mars :&nbsp;<\/strong><\/p>\n\n\n\n<p>11h00 Mise \u00e0 disposition au bateau comit\u00e9- 2 courses maximum<\/p>\n\n\n\n<p>17h00 Remise des Prix au club house de la SNST<\/p>\n","protected":false},"excerpt":{"rendered":"<p>Premi\u00e8re grande manifestation de l\u2019ann\u00e9e 2024 pour la Soci\u00e9t\u00e9 Nautique de Saint-Tropez, le 46\u00e8me\u00a0Festival ARMEN qui allie la voile, le ski et l\u2019art a pris son envol vendredi 8 mars avec l\u2019ouverture et le vernissage de l\u2019exposition d\u2019art organis\u00e9e par la sculptrice C\u00e9cile de Kock, en pr\u00e9sence de Michel Perrault, adjoint \u00e0 la culture de&#8230;<\/p>\n","protected":false},"author":2,"featured_media":4371,"comment_status":"open","ping_status":"open","sticky":false,"template":"","format":"standard","meta":{"_acf_changed":false,"footnotes":""},"categories":[1],"tags":[],"class_list":["post-4370","post","type-post","status-publish","format-standard","has-post-thumbnail","hentry","category-non-classifiee"],"acf":{"subtitle":"","autoplay":false,"delay":"","video_mp4":false,"video_webm":false,"poster_image":false,"nugget":false,"partner":false},"_links":{"self":[{"href":"https:\/\/www.societe-nautique-saint-tropez.fr\/fr\/wp-json\/wp\/v2\/posts\/4370","targetHints":{"allow":["GET"]}}],"collection":[{"href":"https:\/\/www.societe-nautique-saint-tropez.fr\/fr\/wp-json\/wp\/v2\/posts"}],"about":[{"href":"https:\/\/www.societe-nautique-saint-tropez.fr\/fr\/wp-json\/wp\/v2\/types\/post"}],"author":[{"embeddable":true,"href":"https:\/\/www.societe-nautique-saint-tropez.fr\/fr\/wp-json\/wp\/v2\/users\/2"}],"replies":[{"embeddable":true,"href":"https:\/\/www.societe-nautique-saint-tropez.fr\/fr\/wp-json\/wp\/v2\/comments?post=4370"}],"version-history":[{"count":1,"href":"https:\/\/www.societe-nautique-saint-tropez.fr\/fr\/wp-json\/wp\/v2\/posts\/4370\/revisions"}],"predecessor-version":[{"id":4373,"href":"https:\/\/www.societe-nautique-saint-tropez.fr\/fr\/wp-json\/wp\/v2\/posts\/4370\/revisions\/4373"}],"wp:featuredmedia":[{"embeddable":true,"href":"https:\/\/www.societe-nautique-saint-tropez.fr\/fr\/wp-json\/wp\/v2\/media\/4371"}],"wp:attachment":[{"href":"https:\/\/www.societe-nautique-saint-tropez.fr\/fr\/wp-json\/wp\/v2\/media?parent=4370"}],"wp:term":[{"taxonomy":"category","embeddable":true,"href":"https:\/\/www.societe-nautique-saint-tropez.fr\/fr\/wp-json\/wp\/v2\/categories?post=4370"},{"taxonomy":"post_tag","embeddable":true,"href":"https:\/\/www.societe-nautique-saint-tropez.fr\/fr\/wp-json\/wp\/v2\/tags?post=4370"}],"curies":[{"name":"wp","href":"https:\/\/api.w.org\/{rel}","templated":true}]}}