{"id":2589,"date":"2023-05-26T19:15:51","date_gmt":"2023-05-26T17:15:51","guid":{"rendered":"https:\/\/www.societe-nautique-saint-tropez.fr\/?p=2589"},"modified":"2023-05-26T19:18:00","modified_gmt":"2023-05-26T17:18:00","slug":"a-mi-parcours-pour-la-paprec-600-saint-tropez","status":"publish","type":"post","link":"https:\/\/www.societe-nautique-saint-tropez.fr\/fr\/a-mi-parcours-pour-la-paprec-600-saint-tropez","title":{"rendered":"A mi-parcours pour la PAPREC 600 SAINT-TROPEZ"},"content":{"rendered":"\n<p>PAPREC 600 Saint Tropez 1<sup class=\"\">\u00e8re<\/sup>&nbsp;\u00e9dition&nbsp;<br class=\"\">(13\u00e8me \u00e9dition de la course au large \u00e0 Saint-Tropez)&nbsp;<br class=\"\">26 mai 2023<br class=\"\"><a href=\"https:\/\/wetransfer.com\/downloads\/a976b9bd168dc710a39a2935899f8ff320230524114125\/26f4267735bf79fabf4c6b31efb5850520230524114152\/95181b?trk=TRN_TDL_01&amp;utm_campaign=TRN_TDL_01&amp;utm_medium=email&amp;utm_source=sendgrid\" class=\"\"><strong>VIDEO<\/strong><\/a><strong>&nbsp;du d\u00e9part de la course au large de Saint-Tropez libres de droit avec copyright JL Chaix\/ SNST&nbsp;:&nbsp;<\/strong><a href=\"https:\/\/we.tl\/t-Fs4kSbscVE?utm_campaign=TRN_TDL_05&amp;utm_source=sendgrid&amp;utm_medium=email&amp;trk=TRN_TDL_05\" class=\"\"><strong>https:\/\/we.tl\/t-Fs4kSbscVE<\/strong><\/a><strong><\/strong><\/p>\n\n\n\n<p><strong>Photos cii-apr\u00e8s des concurrents&nbsp;<\/strong><\/p>\n\n\n\n<p>Partis mercredi 24 mai&nbsp;de Saint-Tropez en direction de la Corse, les concurrents de la Paprec 600&nbsp;Saint-Tropez devraient franchir la ligne d\u2019arriv\u00e9e dans la nuit de samedi 27&nbsp;mai \u00e0 dimanche.<br>Pour l\u2019heure, la&nbsp;bataille entre les Class40, les duos, les solos et les \u00e9quipages se poursuit et&nbsp;rien n\u2019est gagn\u00e9 d\u2019avance. Au 26 mai 2023, d\u00e9but de soir\u00e9e, le voilier MADE IN&nbsp;MIDI avec Kito de&nbsp;Pavant et Sandrine Revil devance ses adversaires en Class 40&nbsp;de peu.<br>SOLENN FOR PURE OCEAN avec&nbsp;Ludovic G\u00e9rard devance ses adversaires en solo. HATHOR 5 avec Paul et Arnaud Van&nbsp;Gaver est en t\u00eate du groupe des duos. Et&nbsp;ARCHITEUTHIS&nbsp;avec&nbsp;Jacques Silve est en premi\u00e8re&nbsp;position dans le groupe des \u00e9quipages.<br>Le directeur de course,&nbsp;Georges Korhel, fait un premier point :<br><em>\u00ab Apr\u00e8s deux jours&nbsp;de course, la flotte, emmen\u00e9e par les Class40 passe les bouches de Bonifacio.<br>Une premi\u00e8re nuit compliqu\u00e9e avec des sautes et des changements brusques de&nbsp;vent a fait que la flotte s&rsquo;est retrouv\u00e9e tr\u00e8s group\u00e9e au petit matin.<br>La journ\u00e9e de jeudi n&rsquo;a&nbsp;pas permis de les d\u00e9partager et c&rsquo;est en \u00ab\u00a0paquet\u00a0\u00bb qu&rsquo;ils sont arriv\u00e9&nbsp;le soir devant la Giraglia.<br>Le bateau \u00ab\u00a0Marcher&nbsp;sur l&rsquo;eau\u00a0\u00bb qui avait choisi une route beaucoup plus \u00ab\u00a0sud\u00a0\u00bb n&rsquo;en a&nbsp;pas tir\u00e9 avantage et est arriv\u00e9 un peu en arri\u00e8re.<br>Le passage de la&nbsp;Giraglia a \u00e9t\u00e9 favorable aux class40 qui ont gard\u00e9 du vent en commen\u00e7ant la&nbsp;descente vers Bonifacio, le reste de la flotte a eu beaucoup de mal \u00e0 passer&nbsp;l&rsquo;ile \u00e0 cause de&nbsp;conditions tr\u00e8s l\u00e9g\u00e8res et changeantes.<br>Au petit matin, le vent&nbsp;s&rsquo;est lev\u00e9 du Nord\/Est et tout le monde est reparti.<br>Quatre bateaux ont&nbsp;abandonn\u00e9 pour des raisons diverses mais jamais graves.<br>D&rsquo;apr\u00e8s les&nbsp;routages et la m\u00e9t\u00e9o, dont les pr\u00e9visions n&rsquo;ont pas \u00e9t\u00e9 tr\u00e8s fiables, les&nbsp;premiers devraient arriver \u00e0 Saint-Tropez dans la nuit de samedi \u00e0 dimanche. \u00bb<\/em><\/p>\n\n\n\n<p><br class=\"\"><strong>Joel&nbsp;Parisi A PERTE DE VUE : \u00ab une belle exp\u00e9rience malgr\u00e9 notre abandon \u00bb<\/strong><br class=\"\">\u00ab Thibaut&nbsp;Lecarpentier s\u2019est lux\u00e9 la rotule \u00e0 bord. Nous nous sommes vite rendu compte&nbsp;que cela n\u2019\u00e9tait pas jouable<br class=\"\">C\u2019est&nbsp;compliqu\u00e9 car j\u2019aurais \u00e9t\u00e9 seul et cela n\u2019\u00e9tait pas \u00ab s\u00e9cure \u00bb et il&nbsp;avait mal\u2026<\/p>\n\n\n\n<p>Cela&nbsp;dit, malgr\u00e9 notre abandon, on a beaucoup appris ! On a pris un tr\u00e8s bon&nbsp;d\u00e9part et le bateau \u00e9tait dans le match (3\u00e8me&nbsp;en Class40 et 3\u00e8me&nbsp;au g\u00e9n\u00e9ral).<br class=\"\">La&nbsp;course est bien organis\u00e9e et il y a une bonne ambiance entre les marins.<\/p>\n\n\n\n<p>On&nbsp;s\u2019est prouv\u00e9 que le bateau est comp\u00e9titif et que notre \u00e9quipe fonctionne bien.&nbsp;C\u2019est d\u00e9j\u00e0 une belle exp\u00e9rience.<br class=\"\">Cela&nbsp;ne remet pas en cause notre volont\u00e9 de participer \u00e0 la Transat Jacques Vabre et&nbsp;nous allons devoir revoir le programme des courses pour effectuer 1200 milles&nbsp;n\u00e9cessaires pour la&nbsp;qualification.<\/p>\n\n\n\n<p>Ce&nbsp;coup dur nous a renforc\u00e9 davantage.<br class=\"\">L\u2019id\u00e9e&nbsp;de notre projet est : \u00ab c\u2019est possible avec un handicap ! \u00bb&nbsp;C\u2019est diff\u00e9rent mais on y arrive. Nous transmettons \u00e9galement ce message aux&nbsp;classes Ulysse. Nous avons tous le droit d\u2019avoir des&nbsp;r\u00eaves et il faut tout&nbsp;faire pour les concr\u00e9tiser !<\/p>\n\n\n\n<p>Le bateau est un laboratoire social, nous&nbsp;avons m\u00eame eu des aveugles qui ont pris la barre. L\u2019apprentissage est plus long&nbsp;avec des moyens diff\u00e9rents mais on peut y arriver. Il y a une approche et&nbsp;une&nbsp;sensibilit\u00e9 diff\u00e9rente \u00bb<\/p>\n\n\n\n<p><strong>Programme:<\/strong><br class=\"\">Course du 24 au 29 mai 2023 \u00e0 suivre&nbsp;<\/p>\n\n\n\n<p><a href=\"https:\/\/carto.oceantracking.fr\/paprec600\/carto\" class=\"\">https:\/\/carto.oceantracking.fr\/paprec600\/carto<\/a><br class=\"\">Remise des prix le Lundi 29 mai \u00e0 16h \u00e0 la Soci\u00e9t\u00e9 Nautique de Saint-Tropez<\/p>\n\n\n\n<p><strong>Organisation&nbsp;:<\/strong><\/p>\n\n\n\n<p>Soci\u00e9t\u00e9 Nautique de Saint-Tropez<br class=\"\">Nouveau Port- BP 72&nbsp;<br class=\"\">83992 Saint-Tropez<\/p>\n\n\n\n<p>Tel&nbsp;: 0033(0)4 94 97 30 54&nbsp;<\/p>\n\n\n\n<p><a href=\"http:\/\/www.societe-nautique-saint-tropez.fr\/\" class=\"\"><strong>http:\/\/www.societe-nautique-saint-tropez.fr\/<\/strong><\/a><\/p>\n\n\n\n<p>Facebook(s) SNST&nbsp;:&nbsp;<a href=\"http:\/\/www.facebook.com\/societenautique.desainttropez\" class=\"\"><strong>www.facebook.com\/societenautique.desainttropez<\/strong><\/a><\/p>\n\n\n\n<p>Facebook de l\u2019\u00e9preuve&nbsp;:&nbsp;<a href=\"https:\/\/www.facebook.com\/Paprec600SaintTropez\" class=\"\">https:\/\/www.facebook.com\/Paprec600SaintTropez<\/a><\/p>\n\n\n\n<p>&nbsp;Instagram&nbsp;:&nbsp;<a href=\"https:\/\/www.instagram.com\/lanautiquesainttropez\/\" class=\"\">https:\/\/www.instagram.com\/lanautiquesainttropez\/<\/a><\/p>\n\n\n\n<p><strong>Les t\u00e9nors du large et des courses en IRC&nbsp;en lice&nbsp;:&nbsp;<\/strong><\/p>\n\n\n\n<p>En lice, pas moins de sept Class 40&nbsp;pour un parcours de 600 Nautiques en duo ;<\/p>\n\n\n\n<p>Sur son&nbsp;MADE IN MIDI, le navigateur Kito de Pavant qui a particip\u00e9 depuis 2021 a entra\u00een\u00e9 avec lui ses adversaires,&nbsp;ACI40 avec Ivica Kostelic, BLUE PLANET avec Christian Kerl, IMAGIN\u2019ACT SOCOMEC avec Marco Guerra, PHARE 40 avec Anthony Streicher, REVE A PERTE DE VUE avec Joel Paris et SOTRAPLANT TRS avec Matthieu Foulquier Gazagnes.&nbsp;<\/p>\n\n\n\n<p>En double, nous retrouverons en lice 7 \u00e9quipages&nbsp;: AURORE avec Thierry Rigoine de Fougerolle, HATHOR 5 avec Paul Van Gaver, HPLUS avec Laurent Buissart, JEANNE avec Pierre-Henri Duffaud, Marcher sur l\u2019eau avec Benoit David, Milou avec Thomas Filleux et UN PALIER DEUX TOITS avec Christine Mora.<\/p>\n\n\n\n<p>Chez les solos, on compte sept voiliers avec BLUE007-&nbsp;&nbsp;Michel Sastre, COCO \u2013 Fr\u00e9d\u00e9ric Ponsenard, FIGOLO- Michel de Bressy, FURTIF- G\u00e9rard Guilluy, NABLA- Pascal Caussil, SOLENN FOR PURE OCEAN \u2013 Ludovic G\u00e9rard, WALILI \u2013 Richard Delpeut.<\/p>\n\n\n\n<p>Du c\u00f4t\u00e9 des \u00e9quipages, trois voiliers entrent dans la course avec le Dufour 36 Performance&nbsp;ARCHITEUTHIS&nbsp;avec Jacques Silve, le RM 1070&nbsp;CHAAC&nbsp;avec Emmanuel Unguran et un MULTI, Barramundi 510,&nbsp;DAKOTA avec Emmanuel Pironneau.<\/p>\n\n\n\n<p>Chlo\u00e9 de Brouwer<br class=\"\">Attach\u00e9e de direction&nbsp;&#8211; Communication<\/p>\n\n\n\n<p><img decoding=\"async\" src=\"blob:https:\/\/www.societe-nautique-saint-tropez.fr\/f0eadf1f-7f2d-40bc-bf29-e0115f701a64\" alt=\"image001.jpg\"><\/p>\n\n\n\n<p>Nouveau Port- BP 72&nbsp;<br class=\"\">83992 Saint-Tropez<br class=\"\">LD : 0033(0)4 94 97 90 34&nbsp;<br class=\"\"><a href=\"http:\/\/www.societe-nautique-saint-tropez.fr\/\" class=\"\">www.societe-nautique-saint-tropez.fr\/<\/a><br class=\"\"><a href=\"http:\/\/www.lesvoilesdesaint-tropez.fr\/\" class=\"\">www.lesvoilesdesaint-tropez.fr\/<\/a><\/p>\n\n\n\n<figure class=\"wp-block-image\"><img decoding=\"async\" src=\"blob:https:\/\/www.societe-nautique-saint-tropez.fr\/ff8b5fd5-e021-4c20-a123-1b01d6fde010\" alt=\"Solenn \u00e0 la Giraglia.jpeg\"\/><\/figure>\n\n\n\n<figure class=\"wp-block-image\"><img decoding=\"async\" src=\"blob:https:\/\/www.societe-nautique-saint-tropez.fr\/0b73687f-0a86-4be6-9bc8-bca1270bc759\" alt=\"Kito de Pavant J-1.jpeg\"\/><\/figure>\n\n\n\n<figure class=\"wp-block-image\"><img decoding=\"async\" src=\"blob:https:\/\/www.societe-nautique-saint-tropez.fr\/3459b738-b108-4e7e-998a-4e11cfb472b9\" alt=\"Solenn J1.2.jpg\"\/><\/figure>\n","protected":false},"excerpt":{"rendered":"<p>PAPREC 600 Saint Tropez 1\u00e8re&nbsp;\u00e9dition&nbsp;(13\u00e8me \u00e9dition de la course au large \u00e0 Saint-Tropez)&nbsp;26 mai 2023VIDEO&nbsp;du d\u00e9part de la course au large de Saint-Tropez libres de droit avec copyright JL Chaix\/ SNST&nbsp;:&nbsp;https:\/\/we.tl\/t-Fs4kSbscVE Photos cii-apr\u00e8s des concurrents&nbsp; Partis mercredi 24 mai&nbsp;de Saint-Tropez en direction de la Corse, les concurrents de la Paprec 600&nbsp;Saint-Tropez devraient franchir la ligne&#8230;<\/p>\n","protected":false},"author":2,"featured_media":2591,"comment_status":"open","ping_status":"open","sticky":false,"template":"","format":"standard","meta":{"_acf_changed":false,"footnotes":""},"categories":[1],"tags":[],"class_list":["post-2589","post","type-post","status-publish","format-standard","has-post-thumbnail","hentry","category-non-classifiee"],"acf":{"subtitle":"","autoplay":false,"delay":"","video_mp4":false,"video_webm":false,"poster_image":false,"nugget":false,"partner":false},"_links":{"self":[{"href":"https:\/\/www.societe-nautique-saint-tropez.fr\/fr\/wp-json\/wp\/v2\/posts\/2589","targetHints":{"allow":["GET"]}}],"collection":[{"href":"https:\/\/www.societe-nautique-saint-tropez.fr\/fr\/wp-json\/wp\/v2\/posts"}],"about":[{"href":"https:\/\/www.societe-nautique-saint-tropez.fr\/fr\/wp-json\/wp\/v2\/types\/post"}],"author":[{"embeddable":true,"href":"https:\/\/www.societe-nautique-saint-tropez.fr\/fr\/wp-json\/wp\/v2\/users\/2"}],"replies":[{"embeddable":true,"href":"https:\/\/www.societe-nautique-saint-tropez.fr\/fr\/wp-json\/wp\/v2\/comments?post=2589"}],"version-history":[{"count":2,"href":"https:\/\/www.societe-nautique-saint-tropez.fr\/fr\/wp-json\/wp\/v2\/posts\/2589\/revisions"}],"predecessor-version":[{"id":2593,"href":"https:\/\/www.societe-nautique-saint-tropez.fr\/fr\/wp-json\/wp\/v2\/posts\/2589\/revisions\/2593"}],"wp:featuredmedia":[{"embeddable":true,"href":"https:\/\/www.societe-nautique-saint-tropez.fr\/fr\/wp-json\/wp\/v2\/media\/2591"}],"wp:attachment":[{"href":"https:\/\/www.societe-nautique-saint-tropez.fr\/fr\/wp-json\/wp\/v2\/media?parent=2589"}],"wp:term":[{"taxonomy":"category","embeddable":true,"href":"https:\/\/www.societe-nautique-saint-tropez.fr\/fr\/wp-json\/wp\/v2\/categories?post=2589"},{"taxonomy":"post_tag","embeddable":true,"href":"https:\/\/www.societe-nautique-saint-tropez.fr\/fr\/wp-json\/wp\/v2\/tags?post=2589"}],"curies":[{"name":"wp","href":"https:\/\/api.w.org\/{rel}","templated":true}]}}